{"id":1157,"date":"2023-01-29T14:21:23","date_gmt":"2023-01-29T13:21:23","guid":{"rendered":"http:\/\/frequenceesj.com\/?p=1157"},"modified":"2023-01-29T16:26:20","modified_gmt":"2023-01-29T15:26:20","slug":"bienvenue-dans-lere-de-lexpansion-numerique","status":"publish","type":"post","link":"https:\/\/frequenceesj.com\/index.php\/2023\/01\/29\/bienvenue-dans-lere-de-lexpansion-numerique\/","title":{"rendered":"BIENVENUE DANS L&rsquo;\u00c8RE DE L&rsquo;EXPANSION NUM\u00c9RIQUE"},"content":{"rendered":"\n<p class=\"has-text-align-left has-white-color has-black-background-color has-text-color has-background\" style=\"font-size:17px\"><strong>Quatre \u00e9tudiantes organisent une exposition culturelle ax\u00e9e sur le domaine de l\u2019art digital. Le nom de ce projet : \u00ab<a href=\"https:\/\/www.instagram.com\/digital_xpansion\/?hl=fr\" data-type=\"URL\" data-id=\"https:\/\/www.instagram.com\/digital_xpansion\/?hl=fr\" target=\"_blank\" rel=\"noreferrer noopener\"> Digital Expansion<\/a> \u00bb. Cet \u00e9v\u00e8nement prend place samedi 21 janvier de 16h \u00e0 22h30 au Velvet Moon de Montreuil.*<\/strong><\/p>\n\n\n<div class=\"wp-block-image\">\n<figure class=\"aligncenter size-large is-resized\"><img loading=\"lazy\" decoding=\"async\" src=\"http:\/\/frequenceesj.com\/wp-content\/uploads\/2023\/01\/Capture-decran-2023-01-28-a-22.02.27-1024x200.png\" alt=\"\" class=\"wp-image-1158\" width=\"839\" height=\"163\" srcset=\"https:\/\/frequenceesj.com\/wp-content\/uploads\/2023\/01\/Capture-decran-2023-01-28-a-22.02.27-1024x200.png 1024w, https:\/\/frequenceesj.com\/wp-content\/uploads\/2023\/01\/Capture-decran-2023-01-28-a-22.02.27-300x59.png 300w, https:\/\/frequenceesj.com\/wp-content\/uploads\/2023\/01\/Capture-decran-2023-01-28-a-22.02.27-768x150.png 768w, https:\/\/frequenceesj.com\/wp-content\/uploads\/2023\/01\/Capture-decran-2023-01-28-a-22.02.27-1536x300.png 1536w, https:\/\/frequenceesj.com\/wp-content\/uploads\/2023\/01\/Capture-decran-2023-01-28-a-22.02.27.png 1678w\" sizes=\"auto, (max-width: 839px) 100vw, 839px\" \/><figcaption class=\"wp-element-caption\">Logo de l&rsquo;exposition \u00ab Digital Expansion \u00bb cr\u00e9\u00e9 par Nadia Berraha et l&rsquo;artiste Mar1 &#8211; \u00a9Nadia Berraha \u00a9Mar1<\/figcaption><\/figure><\/div>\n\n\n<p class=\"has-small-font-size\">Apr\u00e8s plusieurs mois de travail, elles rel\u00e8vent le d\u00e9fi. Elles organisent une exposition culturelle. Pour r\u00e9server sa place : deux euros via la billetterie en ligne ou trois euros \u00e0 payer sur place. C\u2019est dans le cadre de leurs \u00e9tudes au sein de l\u2019ICART (L&rsquo;\u00c9cole du management de la culture et du march\u00e9 de l\u2019art) que ce projet a vu le jour. Juliette MARIE SAINTE MAUREY, Ana\u00efs FAUX, No\u00e9mie BOUDERLIQUE et Nadia BERRAHA ont une double ambition. Elles veulent mettre la lumi\u00e8re sur douze artistes \u00e9mergents et participer \u00e0 la d\u00e9mocratisation de l\u2019art num\u00e9rique.<\/p>\n\n\n\n<h4 class=\"has-text-align-left has-pale-cyan-blue-color has-black-background-color has-text-color has-background wp-block-heading\">DES ARTISTES POUR EXPLORER LE MONDE DE L\u2019ART NUM\u00c9RIQUE<\/h4>\n\n\n\n<p class=\"has-small-font-size\">Les artistes de l\u2019exposition \u00e9voluent dans des horizons artistiques diff\u00e9rents. Ils sont producteurs de musique \u00e9lectronique, photographes, designer UI\/UX, vid\u00e9o-jockeys ou encore artistes g\u00e9n\u00e9ratifs. L\u2019exposition permet de montrer la diversit\u00e9 de l\u2019art digital. Elle permet aussi \u00e0 ces artistes d\u2019expliquer leurs univers artistiques.<\/p>\n\n\n\n<h4 class=\"has-text-align-left has-pale-cyan-blue-color has-black-background-color has-text-color has-background wp-block-heading\">ROMINA ALFIERI &#8211; <em>Don&rsquo;t Touch<\/em><\/h4>\n\n\n\n<div class=\"wp-block-columns is-layout-flex wp-container-core-columns-is-layout-9d6595d7 wp-block-columns-is-layout-flex\">\n<div class=\"wp-block-column is-layout-flow wp-block-column-is-layout-flow\" style=\"flex-basis:428%\">\n<figure class=\"wp-block-image alignwide size-large\"><img loading=\"lazy\" decoding=\"async\" width=\"1024\" height=\"596\" src=\"http:\/\/frequenceesj.com\/wp-content\/uploads\/2023\/01\/ROMINA-7-1024x596.jpg\" alt=\"\" class=\"wp-image-1184\" srcset=\"https:\/\/frequenceesj.com\/wp-content\/uploads\/2023\/01\/ROMINA-7-1024x596.jpg 1024w, https:\/\/frequenceesj.com\/wp-content\/uploads\/2023\/01\/ROMINA-7-300x175.jpg 300w, https:\/\/frequenceesj.com\/wp-content\/uploads\/2023\/01\/ROMINA-7-768x447.jpg 768w, https:\/\/frequenceesj.com\/wp-content\/uploads\/2023\/01\/ROMINA-7-1536x894.jpg 1536w, https:\/\/frequenceesj.com\/wp-content\/uploads\/2023\/01\/ROMINA-7-2048x1192.jpg 2048w\" sizes=\"auto, (max-width: 1024px) 100vw, 1024px\" \/><figcaption class=\"wp-element-caption\">Image num\u00e9rique du prototype du kit sensoriel de l&rsquo;\u0153uvre&nbsp;<em>Don&rsquo;t Touch&nbsp;<\/em>de Romina Alfieri &#8211; \u00a9Romina Alfieri<\/figcaption><\/figure>\n<\/div>\n\n\n\n<div class=\"wp-block-column is-layout-flow wp-block-column-is-layout-flow\" style=\"flex-basis:428%\">\n<figure class=\"wp-block-image size-full\"><img loading=\"lazy\" decoding=\"async\" width=\"1000\" height=\"758\" src=\"http:\/\/frequenceesj.com\/wp-content\/uploads\/2023\/01\/Capture-decran-2023-01-21-a-02.49.47-5.png\" alt=\"\" class=\"wp-image-1185\" srcset=\"https:\/\/frequenceesj.com\/wp-content\/uploads\/2023\/01\/Capture-decran-2023-01-21-a-02.49.47-5.png 1000w, https:\/\/frequenceesj.com\/wp-content\/uploads\/2023\/01\/Capture-decran-2023-01-21-a-02.49.47-5-300x227.png 300w, https:\/\/frequenceesj.com\/wp-content\/uploads\/2023\/01\/Capture-decran-2023-01-21-a-02.49.47-5-768x582.png 768w\" sizes=\"auto, (max-width: 1000px) 100vw, 1000px\" \/><figcaption class=\"wp-element-caption\">Image num\u00e9rique du prototype du kit sensoriel de l&rsquo;\u0153uvre&nbsp;<em>Don&rsquo;t Touch&nbsp;<\/em>de Romina Alfieri &#8211; \u00a9Romina Alfieri<\/figcaption><\/figure>\n<\/div>\n<\/div>\n\n\n\n<p class=\"has-small-font-size\">La mod\u00e9liste et designeuse num\u00e9rique <a href=\"https:\/\/www.instagram.com\/rominaalfieridesign\/?hl=fr\" data-type=\"URL\" data-id=\"https:\/\/www.instagram.com\/rominaalfieridesign\/?hl=fr\">Romina Alfieri<\/a> propose d\u2019exp\u00e9rimenter son oeuvre&nbsp;<em>Don\u2019t Touch<\/em>. Il s\u2019agit d\u2019une animation en 3D accompagn\u00e9e d\u2019un travail sonore. De l\u2019audiodescription est inclus. C\u2019est donc une oeuvre visuelle et auditive accessible au plus grand nombre, notamment aux malvoyants. Un kit sensoriel au stade de prototype est int\u00e9gr\u00e9 \u00e0 l\u2019oeuvre. Romina Alfieri veut que ce prototype se d\u00e9veloppe sur le plan technologique. Cela permettrait d\u2019apporter une dimension tactile \u00e0 son oeuvre pour la rendre accessible \u00e0 tous<\/p>\n\n\n\n<h4 class=\"has-text-align-left has-pale-cyan-blue-color has-black-background-color has-text-color has-background wp-block-heading\">REGIS BRASME &#8211; <em>Posthumain<\/em><\/h4>\n\n\n\n<div class=\"wp-block-columns is-layout-flex wp-container-core-columns-is-layout-9d6595d7 wp-block-columns-is-layout-flex\">\n<div class=\"wp-block-column is-layout-flow wp-block-column-is-layout-flow\" style=\"flex-basis:50%\">\n<figure class=\"wp-block-image alignfull\"><img loading=\"lazy\" decoding=\"async\" width=\"1024\" height=\"576\" src=\"http:\/\/frequenceesj.com\/wp-content\/uploads\/2023\/01\/REGIS-1024x576.jpg\" alt=\"\" class=\"wp-image-1197\" srcset=\"https:\/\/frequenceesj.com\/wp-content\/uploads\/2023\/01\/REGIS-1024x576.jpg 1024w, https:\/\/frequenceesj.com\/wp-content\/uploads\/2023\/01\/REGIS-300x169.jpg 300w, https:\/\/frequenceesj.com\/wp-content\/uploads\/2023\/01\/REGIS-768x432.jpg 768w, https:\/\/frequenceesj.com\/wp-content\/uploads\/2023\/01\/REGIS-1536x864.jpg 1536w, https:\/\/frequenceesj.com\/wp-content\/uploads\/2023\/01\/REGIS-390x220.jpg 390w, https:\/\/frequenceesj.com\/wp-content\/uploads\/2023\/01\/REGIS.jpg 1920w\" sizes=\"auto, (max-width: 1024px) 100vw, 1024px\" \/><figcaption class=\"wp-element-caption\">Image issue de l&rsquo;\u0153uvre&nbsp;<em>Posthumain&nbsp;<\/em>de Regis Brasme &#8211; \u00a9Regis Brasme<\/figcaption><\/figure>\n<\/div>\n\n\n\n<div class=\"wp-block-column is-vertically-aligned-center is-layout-flow wp-block-column-is-layout-flow\" style=\"flex-basis:50%\">\n<p class=\"has-small-font-size\">Le designer num\u00e9rique <a href=\"https:\/\/www.instagram.com\/greencircular\/?hl=fr\" data-type=\"URL\" data-id=\"https:\/\/www.instagram.com\/greencircular\/?hl=fr\">Regis Brasme<\/a> expose\u00a0<em>Posthumain<\/em>. C\u2019est un \u00ab travail collaboratif avec de l\u2019intelligence artificielle \u00bb. L\u2019artiste a questionn\u00e9 l\u2019I.A. sur le futur de l\u2019humanit\u00e9. Il en ressort des r\u00e9ponses sur le plan environnemental, biologique et culturel. Regis Brasme joue le r\u00f4le de m\u00e9diateur en exposant un monde virtuel issu des r\u00e9ponses de l\u2019I.A. Cet univers en trois dimensions est brut et d\u00e9construit. Il peut \u00eatre visualis\u00e9 gr\u00e2ce \u00e0 un casque de r\u00e9alit\u00e9 virtuelle. Ce monde t\u00e9moigne-t-il d\u2019une pr\u00e9diction ou d\u2019un dysfonctionnement de l\u2019I.A. ? L\u2019artiste joue avec notre incertitude. Il expose aussi des mod\u00e9lisations en argile de cet univers imaginaire de l\u2019I.A. Sont-elles de v\u00e9ritables artefacts ou de simples objets afabulateurs de ce monde (ir)r\u00e9el ?<\/p>\n<\/div>\n<\/div>\n\n\n\n<p class=\"has-small-font-size\"><\/p>\n\n\n\n<h4 class=\"has-text-align-left has-pale-cyan-blue-color has-black-background-color has-text-color has-background wp-block-heading\">ANEE MOLLY \/ MAR1 \/ UNDER RADAR<\/h4>\n\n\n\n<p class=\"has-small-font-size\"><a href=\"https:\/\/www.instagram.com\/anee.molly\/?hl=fr\" data-type=\"URL\" data-id=\"https:\/\/www.instagram.com\/anee.molly\/?hl=fr\">Anee Molly<\/a> va effectuer des prestations musicales. Cette artiste produit de la musique \u00e9lectronique. <a href=\"https:\/\/www.instagram.com\/marwane.jpg\/?hl=fr\" data-type=\"URL\" data-id=\"https:\/\/www.instagram.com\/marwane.jpg\/?hl=fr\">Mar1<\/a> pr\u00e9voit des projections num\u00e9riques pour accompagner le set \u00e9lectronique d\u2019Anee Molly. Le vid\u00e9o-jockey <a href=\"https:\/\/www.instagram.com\/under_radar_vj\/?hl=fr\" data-type=\"URL\" data-id=\"https:\/\/www.instagram.com\/under_radar_vj\/?hl=fr\">Under Radar<\/a> pr\u00e9voit un show visuel. Ce virtuose de l\u2019image propose des encha\u00eenements d\u2019extraits vid\u00e9os. Sombre et troublant, Under Radar propose un travail artistique qui ne manque pas de fasciner. Exp\u00e9rience immersive et futuriste \u00e0 ne pas manquer.<\/p>\n\n\n\n<p class=\"has-text-align-right has-small-font-size\"><strong>Quentin Gu\u00e9drat.<\/strong><\/p>\n\n\n\n<p class=\"has-small-font-size\">*avec les artistes Romina Alfieri, Liv Rutkowska, MEK-DA VINCI+, Ashlad, New Beginnings Team, Regis Brasme, Mar1, Anee Molly, Schematic Wizard, Brise Lame, Nolyrix er Under Radar.<\/p>\n","protected":false},"excerpt":{"rendered":"<p>Quatre \u00e9tudiantes organisent une exposition culturelle ax\u00e9e sur le domaine de l\u2019art digital. Le nom de ce projet : \u00ab Digital Expansion \u00bb. Cet \u00e9v\u00e8nement prend place samedi 21 janvier de 16h \u00e0 22h30 au Velvet Moon de Montreuil.* Logo de l&rsquo;exposition \u00ab Digital Expansion \u00bb cr\u00e9\u00e9 par Nadia Berraha et l&rsquo;artiste Mar1 &#8211; \u00a9Nadia &hellip;<\/p>\n","protected":false},"author":5,"featured_media":1208,"comment_status":"open","ping_status":"open","sticky":false,"template":"","format":"standard","meta":{"footnotes":""},"categories":[34],"tags":[],"class_list":["post-1157","post","type-post","status-publish","format-standard","has-post-thumbnail","hentry","category-culture"],"_links":{"self":[{"href":"https:\/\/frequenceesj.com\/index.php\/wp-json\/wp\/v2\/posts\/1157","targetHints":{"allow":["GET"]}}],"collection":[{"href":"https:\/\/frequenceesj.com\/index.php\/wp-json\/wp\/v2\/posts"}],"about":[{"href":"https:\/\/frequenceesj.com\/index.php\/wp-json\/wp\/v2\/types\/post"}],"author":[{"embeddable":true,"href":"https:\/\/frequenceesj.com\/index.php\/wp-json\/wp\/v2\/users\/5"}],"replies":[{"embeddable":true,"href":"https:\/\/frequenceesj.com\/index.php\/wp-json\/wp\/v2\/comments?post=1157"}],"version-history":[{"count":38,"href":"https:\/\/frequenceesj.com\/index.php\/wp-json\/wp\/v2\/posts\/1157\/revisions"}],"predecessor-version":[{"id":1218,"href":"https:\/\/frequenceesj.com\/index.php\/wp-json\/wp\/v2\/posts\/1157\/revisions\/1218"}],"wp:featuredmedia":[{"embeddable":true,"href":"https:\/\/frequenceesj.com\/index.php\/wp-json\/wp\/v2\/media\/1208"}],"wp:attachment":[{"href":"https:\/\/frequenceesj.com\/index.php\/wp-json\/wp\/v2\/media?parent=1157"}],"wp:term":[{"taxonomy":"category","embeddable":true,"href":"https:\/\/frequenceesj.com\/index.php\/wp-json\/wp\/v2\/categories?post=1157"},{"taxonomy":"post_tag","embeddable":true,"href":"https:\/\/frequenceesj.com\/index.php\/wp-json\/wp\/v2\/tags?post=1157"}],"curies":[{"name":"wp","href":"https:\/\/api.w.org\/{rel}","templated":true}]}}